{"id":228,"date":"2026-04-09T14:49:23","date_gmt":"2026-04-09T12:49:23","guid":{"rendered":"https:\/\/brandstudio.hd.se\/idrottsgalan\/?p=228"},"modified":"2026-04-10T15:39:01","modified_gmt":"2026-04-10T13:39:01","slug":"har-skapas-framtidens-ledare-alla-far-chansen-att-vaxa","status":"publish","type":"post","link":"https:\/\/brandstudio.hd.se\/idrottsgalan\/har-skapas-framtidens-ledare-alla-far-chansen-att-vaxa\/","title":{"rendered":"H\u00e4r skapas framtidens ledare &#8211; \u201cAlla f\u00e5r chansen att v\u00e4xa\u201d"},"content":{"rendered":"<p>[et_pb_section fb_built=&#8221;1&#8243; custom_padding_last_edited=&#8221;off|phone&#8221; module_class=&#8221;brodtext&#8221; _builder_version=&#8221;4.23.4&#8243; _module_preset=&#8221;default&#8221; background_color=&#8221;#f7f9fb&#8221; custom_padding=&#8221;30px||30px||false|false&#8221; custom_padding_tablet=&#8221;50px||50px||true|false&#8221; custom_padding_phone=&#8221;40px||40px||true|false&#8221; global_colors_info=&#8221;{}&#8221; theme_builder_area=&#8221;post_content&#8221;][et_pb_row _builder_version=&#8221;4.23.1&#8243; _module_preset=&#8221;default&#8221; width_tablet=&#8221;80%&#8221; width_phone=&#8221;90%&#8221; width_last_edited=&#8221;on|phone&#8221; max_width=&#8221;640px&#8221; module_alignment=&#8221;center&#8221; custom_margin=&#8221;0px||0px||true|false&#8221; custom_padding=&#8221;0px||0px||true|false&#8221; global_colors_info=&#8221;{}&#8221; theme_builder_area=&#8221;post_content&#8221;][et_pb_column type=&#8221;4_4&#8243; _builder_version=&#8221;4.20.0&#8243; _module_preset=&#8221;default&#8221; global_colors_info=&#8221;{}&#8221; theme_builder_area=&#8221;post_content&#8221;][et_pb_text disabled_on=&#8221;on|on|on&#8221; _builder_version=&#8221;4.23.4&#8243; _module_preset=&#8221;default&#8221; text_font=&#8221;Inter||||||||&#8221; header_5_font=&#8221;Inter|||on|||||&#8221; header_5_text_color=&#8221;#141414&#8243; header_5_font_size=&#8221;14px&#8221; custom_margin=&#8221;||6px||false|false&#8221; disabled=&#8221;on&#8221; global_colors_info=&#8221;{}&#8221; theme_builder_area=&#8221;post_content&#8221;]<\/p>\n<h5>Kr\u00f6nika<\/h5>\n<p>[\/et_pb_text][et_pb_text _builder_version=&#8221;4.27.5&#8243; _module_preset=&#8221;default&#8221; header_font=&#8221;|700|||||||&#8221; header_font_size=&#8221;44px&#8221; custom_margin=&#8221;||0px||false|false&#8221; custom_padding=&#8221;||0px||false|false&#8221; header_font_size_tablet=&#8221;38px&#8221; header_font_size_phone=&#8221;25px&#8221; header_font_size_last_edited=&#8221;on|phone&#8221; custom_css_free_form=&#8221;.citat-blue{||  color:#007CBF;||}||.reg-txt{||  font-weight:normal!important;||}&#8221; global_colors_info=&#8221;{}&#8221; theme_builder_area=&#8221;post_content&#8221;]<\/p>\n<h1>H\u00e4r skapas framtidens ledare &#8211; \u201cAlla f\u00e5r chansen att v\u00e4xa\u201d<\/h1>\n<p>[\/et_pb_text][et_pb_text _builder_version=&#8221;4.27.5&#8243; _dynamic_attributes=&#8221;content&#8221; _module_preset=&#8221;default&#8221; text_font=&#8221;||||||||&#8221; text_text_color=&#8221;#505762&#8243; header_5_font=&#8221;Inter||||||||&#8221; header_5_text_color=&#8221;#505762&#8243; header_5_font_size=&#8221;14px&#8221; custom_margin=&#8221;||14px||false|false&#8221; global_colors_info=&#8221;{}&#8221; theme_builder_area=&#8221;post_content&#8221;]@ET-DC@eyJkeW5hbWljIjp0cnVlLCJjb250ZW50IjoicG9zdF9kYXRlIiwic2V0dGluZ3MiOnsiYmVmb3JlIjoiIiwiYWZ0ZXIiOiIiLCJkYXRlX2Zvcm1hdCI6ImRlZmF1bHQiLCJjdXN0b21fZGF0ZV9mb3JtYXQiOiIifX0=@[\/et_pb_text][et_pb_text _builder_version=&#8221;4.27.5&#8243; _module_preset=&#8221;default&#8221; text_font=&#8221;|800|||||||&#8221; text_text_color=&#8221;#191919&#8243; text_font_size=&#8221;20px&#8221; header_4_font=&#8221;Inter|700|||||||&#8221; header_4_text_color=&#8221;#191919&#8243; header_4_font_size=&#8221;20px&#8221; header_4_line_height=&#8221;1.3em&#8221; custom_margin=&#8221;||0px||false|false&#8221; custom_padding=&#8221;||0px||false|false&#8221; global_colors_info=&#8221;{}&#8221; theme_builder_area=&#8221;post_content&#8221;]<\/p>\n<h4>H\u00e4r v\u00e4xer framtidens ledare fram. Oavsett om det handlar om att g\u00f6ra hamburgare, bem\u00f6ta kunder eller leda ett team \u00e4r utveckling och ansvar en sj\u00e4lvklar del av jobbet.<\/h4>\n<h4>\u2013 Hela mitt arbetsliv har handlat om att utveckla unga m\u00e4nniskor, s\u00e4ger franchisetagaren Christina Richter, som sj\u00e4lv b\u00f6rjade p\u00e5 McDonald\u2019s som 18-\u00e5ring och nu driver \u00e5tta restauranger i Sk\u00e5ne och Halland.<\/h4>\n<p>[\/et_pb_text][et_pb_text _builder_version=&#8221;4.27.5&#8243; _module_preset=&#8221;default&#8221; text_font=&#8221;||||||||&#8221; text_text_color=&#8221;#141414&#8243; text_font_size=&#8221;16px&#8221; header_6_font_size=&#8221;16px&#8221; header_6_line_height=&#8221;1.3em&#8221; background_color=&#8221;#E4E8EE&#8221; custom_margin=&#8221;20px||0px||false|false&#8221; custom_padding=&#8221;14px|20px|14px|20px|true|true&#8221; global_colors_info=&#8221;{}&#8221; theme_builder_area=&#8221;post_content&#8221;]<\/p>\n<h6 style=\"padding-bottom: 0px;\"><strong>Inneh\u00e5ll fr\u00e5n McDonald\u2019s<\/strong> &#8211; stolt partner till Idrottsgalan i Helsingborg 2026.<\/h6>\n<p>[\/et_pb_text][\/et_pb_column][\/et_pb_row][et_pb_row _builder_version=&#8221;4.24.0&#8243; _module_preset=&#8221;default&#8221; width_tablet=&#8221;100%&#8221; width_phone=&#8221;100%&#8221; width_last_edited=&#8221;on|phone&#8221; max_width=&#8221;878px&#8221; module_alignment=&#8221;center&#8221; custom_padding=&#8221;30px||30px||true|false&#8221; global_colors_info=&#8221;{}&#8221; theme_builder_area=&#8221;post_content&#8221;][et_pb_column type=&#8221;4_4&#8243; _builder_version=&#8221;4.23.1&#8243; _module_preset=&#8221;default&#8221; global_colors_info=&#8221;{}&#8221; theme_builder_area=&#8221;post_content&#8221;][et_pb_image src=&#8221;https:\/\/brandstudio.hd.se\/idrottsgalan\/wp-content\/uploads\/2026\/04\/hd_mcdonalds_main.jpg&#8221; title_text=&#8221;hd_mcdonalds_main&#8221; _builder_version=&#8221;4.27.5&#8243; _module_preset=&#8221;default&#8221; custom_margin=&#8221;0px||10px||false|false&#8221; custom_padding=&#8221;0px||0px||false|false&#8221; global_colors_info=&#8221;{}&#8221; theme_builder_area=&#8221;post_content&#8221;][\/et_pb_image][et_pb_text _builder_version=&#8221;4.27.5&#8243; _module_preset=&#8221;default&#8221; text_text_color=&#8221;#505762&#8243; text_line_height=&#8221;1.3em&#8221; header_5_font=&#8221;Inter||||||||&#8221; header_5_text_color=&#8221;#505762&#8243; width=&#8221;95%&#8221; width_tablet=&#8221;100%&#8221; width_phone=&#8221;100%&#8221; width_last_edited=&#8221;on|phone&#8221; custom_margin=&#8221;||0px||false|false&#8221; custom_padding=&#8221;||0px||false|false&#8221; custom_padding_tablet=&#8221;|||0px|false|false&#8221; custom_padding_phone=&#8221;|||20px|false|false&#8221; custom_padding_last_edited=&#8221;on|tablet&#8221; locked=&#8221;off&#8221; global_colors_info=&#8221;{}&#8221; theme_builder_area=&#8221;post_content&#8221;]<\/p>\n<p><span style=\"font-weight: 400;\">Christina Richter, franchisetagare, tillsammans med Linda Persson, supervisor.<\/span><\/p>\n<p>[\/et_pb_text][\/et_pb_column][\/et_pb_row][et_pb_row _builder_version=&#8221;4.24.0&#8243; _module_preset=&#8221;default&#8221; width_tablet=&#8221;80%&#8221; width_phone=&#8221;90%&#8221; width_last_edited=&#8221;on|phone&#8221; max_width=&#8221;640px&#8221; module_alignment=&#8221;center&#8221; custom_margin=&#8221;0px||0px||true|false&#8221; custom_padding=&#8221;0px||0px||false|false&#8221; global_colors_info=&#8221;{}&#8221; theme_builder_area=&#8221;post_content&#8221;][et_pb_column type=&#8221;4_4&#8243; _builder_version=&#8221;4.20.0&#8243; _module_preset=&#8221;default&#8221; global_colors_info=&#8221;{}&#8221; theme_builder_area=&#8221;post_content&#8221;][et_pb_text module_class=&#8221;tiempos-txt&#8221; _builder_version=&#8221;4.27.5&#8243; _module_preset=&#8221;default&#8221; text_text_color=&#8221;#191919&#8243; text_font_size=&#8221;18px&#8221; link_font=&#8221;Inter|700|||||||&#8221; link_text_color=&#8221;#1d3965&#8243; header_2_font_size=&#8221;24px&#8221; width_tablet=&#8221;100%&#8221; width_phone=&#8221;100%&#8221; width_last_edited=&#8221;off|desktop&#8221; custom_padding=&#8221;||||false|false&#8221; header_2_font_size_last_edited=&#8221;off|phone&#8221; custom_css_free_form=&#8221;h2{||  padding-bottom:0px;||  margin-bottom:8px;||}&#8221; global_colors_info=&#8221;{}&#8221; theme_builder_area=&#8221;post_content&#8221;]<\/p>\n<p><a href=\"https:\/\/www.mcdonalds.com\/se\/sv-se\/jobb\/att-jobba-pa-mcdonalds.html\" target=\"_blank\" rel=\"noopener\">L\u00e4s mer h\u00e4r om att jobba p\u00e5 McDonald\u00b4s <\/a><\/p>\n<p>[\/et_pb_text][et_pb_text module_class=&#8221;tiempos-txt&#8221; _builder_version=&#8221;4.27.5&#8243; _module_preset=&#8221;default&#8221; text_text_color=&#8221;#191919&#8243; text_font_size=&#8221;18px&#8221; link_font=&#8221;||||||||&#8221; header_2_font_size=&#8221;24px&#8221; width_tablet=&#8221;100%&#8221; width_phone=&#8221;100%&#8221; width_last_edited=&#8221;off|desktop&#8221; custom_padding=&#8221;||||false|false&#8221; header_2_font_size_last_edited=&#8221;off|phone&#8221; custom_css_free_form=&#8221;h2{||  padding-bottom:0px;||  margin-bottom:8px;||}&#8221; global_colors_info=&#8221;{}&#8221; theme_builder_area=&#8221;post_content&#8221;]<\/p>\n<p>F\u00f6r m\u00e5nga unga blir McDonald\u2019s inte bara en f\u00f6rsta arbetsplats \u2013 utan ocks\u00e5 en plats d\u00e4r de f\u00e5r v\u00e4xa och utvecklas. H\u00e4r m\u00f6ts medarbetarna av grundliga introduktionsprogram och utbildningar, men ocks\u00e5 av f\u00f6rv\u00e4ntningar p\u00e5 ansvar och initiativ.<\/p>\n<p>\u2013 Det \u00e4r en arbetsplats med mycket m\u00e4nniskor och mycket som h\u00e4nder. Det finns ett st\u00e4ndigt behov av att leda, prioritera och delegera p\u00e5 olika niv\u00e5er. Det \u00e4r ingenting som g\u00f6r sig av sig sj\u00e4lvt, utan det handlar hela tiden om att f\u00e5 laget att synka och g\u00e5 fram\u00e5t tillsammans, s\u00e4ger Christina Richter.<\/p>\n<p>[\/et_pb_text][et_pb_text module_class=&#8221;tiempos-txt&#8221; _builder_version=&#8221;4.27.5&#8243; _module_preset=&#8221;default&#8221; text_text_color=&#8221;#191919&#8243; text_font_size=&#8221;18px&#8221; link_font=&#8221;||||||||&#8221; header_2_font_size=&#8221;24px&#8221; width_tablet=&#8221;100%&#8221; width_phone=&#8221;100%&#8221; width_last_edited=&#8221;off|desktop&#8221; custom_padding=&#8221;||||false|false&#8221; header_2_font_size_last_edited=&#8221;off|phone&#8221; custom_css_free_form=&#8221;h2{||  padding-bottom:0px;||  margin-bottom:8px;||}&#8221; global_colors_info=&#8221;{}&#8221; theme_builder_area=&#8221;post_content&#8221;]<\/p>\n<p>Hon \u00e4ger restauranger i H\u00e4ssleholm, Halmstad, Mellbystrand och \u00c4ngelholm samt de fyra restaurangerna i Helsingborg: V\u00e4la, Helsingborg C, \u00c4ttekulla och Stattena. Totalt arbetar omkring 500 personer p\u00e5 hennes \u00e5tta restauranger.<\/p>\n<p>Christina Richter ber\u00e4ttar att det finns m\u00e5nga m\u00f6jligheter f\u00f6r den som vill utvecklas, till exempel fr\u00e5n helgmedarbetare till arbetsledare och restaurangchef.<\/p>\n<p>\u2013 Man kan ta sm\u00e5 eller stora steg, beroende p\u00e5 hur mycket ansvar man vill ta.<\/p>\n<p>[\/et_pb_text][et_pb_image src=&#8221;https:\/\/brandstudio.hd.se\/idrottsgalan\/wp-content\/uploads\/2026\/04\/hd_mcdonalds_2.jpg&#8221; title_text=&#8221;hd_mcdonalds_2&#8243; _builder_version=&#8221;4.27.5&#8243; _module_preset=&#8221;default&#8221; custom_margin=&#8221;25px||10px||false|false&#8221; global_colors_info=&#8221;{}&#8221; theme_builder_area=&#8221;post_content&#8221;][\/et_pb_image][et_pb_text module_class=&#8221;tiempos-txt&#8221; _builder_version=&#8221;4.27.5&#8243; _module_preset=&#8221;default&#8221; text_text_color=&#8221;#191919&#8243; text_font_size=&#8221;18px&#8221; link_font=&#8221;||||||||&#8221; header_2_font_size=&#8221;24px&#8221; width_tablet=&#8221;100%&#8221; width_phone=&#8221;100%&#8221; width_last_edited=&#8221;off|desktop&#8221; custom_padding=&#8221;||||false|false&#8221; header_2_font_size_last_edited=&#8221;off|phone&#8221; custom_css_free_form=&#8221;h2{||  padding-bottom:0px;||  margin-bottom:8px;||}&#8221; global_colors_info=&#8221;{}&#8221; theme_builder_area=&#8221;post_content&#8221;]<\/p>\n<h2>Utveckling i praktiken<\/h2>\n<p>Linda Persson, idag supervisor och driftschef, b\u00f6rjade som 16-\u00e5ring p\u00e5 McDonald\u00b4s i \u00c4ngelholm och har nu jobbat tillsammans med Christina Richter p\u00e5 hennes olika restauranger i 22 \u00e5r.<\/p>\n<p>\u2013 Ingen dag \u00e4r den andra lik! s\u00e4ger hon.<\/p>\n<p>Att anpassa ledarskapet utifr\u00e5n olika m\u00e4nniskors och situationers behov \u00e4r ofta b\u00e5de utmanande och utvecklande, konstaterar Linda Persson.<\/p>\n<p>\u2013 Ibland lyckas man direkt, och ibland beh\u00f6ver man t\u00e4nka om en tredje, fj\u00e4rde eller femte g\u00e5ng f\u00f6r att f\u00e5 med sig alla p\u00e5 samma sp\u00e5r.<\/p>\n<p>[\/et_pb_text][et_pb_text module_class=&#8221;tiempos-txt&#8221; _builder_version=&#8221;4.27.5&#8243; _module_preset=&#8221;default&#8221; text_text_color=&#8221;#191919&#8243; text_font_size=&#8221;18px&#8221; link_font=&#8221;||||||||&#8221; header_2_font_size=&#8221;24px&#8221; width_tablet=&#8221;100%&#8221; width_phone=&#8221;100%&#8221; width_last_edited=&#8221;off|desktop&#8221; custom_padding=&#8221;||||false|false&#8221; header_2_font_size_last_edited=&#8221;off|phone&#8221; custom_css_free_form=&#8221;h2{||  padding-bottom:0px;||  margin-bottom:8px;||}&#8221; global_colors_info=&#8221;{}&#8221; theme_builder_area=&#8221;post_content&#8221;]<\/p>\n<h2>Fr\u00e5n f\u00f6rsiktig till ledare<\/h2>\n<p>Ellen Persson, idag restaurangchef p\u00e5 McDonald\u00b4s i Stattena och i Halmstad, b\u00f6rjade p\u00e5 restaurangen i \u00c4ttekulla direkt efter studenten 2019.<\/p>\n<p>\u2013 Jag var v\u00e4ldigt tillbakadragen innan, men man v\u00e4xer j\u00e4ttemycket som m\u00e4nniska h\u00e4r. F\u00f6rst t\u00e4nkte jag bara jobba ett tag, men n\u00e4r jag fick fr\u00e5gan om att bli skiftledare och coacha andra tyckte jag det var j\u00e4ttekul, s\u00e4ger hon.<\/p>\n<p>\u2013 Jag \u00e4lskar variationen i jobbet. Det \u00e4r ocks\u00e5 v\u00e4ldigt roligt att f\u00e5 bilda egna team och bygga upp saker och f\u00e5 lyckas tillsammans.<\/p>\n<p>[\/et_pb_text][et_pb_image src=&#8221;https:\/\/brandstudio.hd.se\/idrottsgalan\/wp-content\/uploads\/2026\/04\/citat_hd.png&#8221; title_text=&#8221;citat_hd&#8221; _builder_version=&#8221;4.27.5&#8243; _module_preset=&#8221;default&#8221; width=&#8221;60px&#8221; width_tablet=&#8221;60px&#8221; width_phone=&#8221;60px&#8221; width_last_edited=&#8221;on|tablet&#8221; custom_margin=&#8221;40px||||false|false&#8221; global_colors_info=&#8221;{}&#8221; theme_builder_area=&#8221;post_content&#8221;][\/et_pb_image][et_pb_text _builder_version=&#8221;4.27.5&#8243; _module_preset=&#8221;default&#8221; custom_margin=&#8221;||0px||false|false&#8221; global_colors_info=&#8221;{}&#8221; theme_builder_area=&#8221;post_content&#8221;]<\/p>\n<h3>Hos oss finns det m\u00e5nga m\u00f6jligheter f\u00f6r den som vill utvecklas<\/h3>\n<p>[\/et_pb_text][et_pb_text _builder_version=&#8221;4.27.5&#8243; _module_preset=&#8221;default&#8221; global_colors_info=&#8221;{}&#8221; theme_builder_area=&#8221;post_content&#8221;]<\/p>\n<p>Christina Richter<\/p>\n<p>[\/et_pb_text][et_pb_image src=&#8221;https:\/\/brandstudio.hd.se\/idrottsgalan\/wp-content\/uploads\/2026\/04\/hd_mcdonalds_1-1.jpg&#8221; title_text=&#8221;hd_mcdonalds_1&#8243; _builder_version=&#8221;4.27.5&#8243; _module_preset=&#8221;default&#8221; custom_margin=&#8221;25px||10px||false|false&#8221; global_colors_info=&#8221;{}&#8221; theme_builder_area=&#8221;post_content&#8221;][\/et_pb_image][et_pb_text _builder_version=&#8221;4.27.5&#8243; _module_preset=&#8221;default&#8221; text_text_color=&#8221;#505762&#8243; text_line_height=&#8221;1.3em&#8221; header_5_font=&#8221;Inter||||||||&#8221; header_5_text_color=&#8221;#505762&#8243; width=&#8221;95%&#8221; width_tablet=&#8221;100%&#8221; width_phone=&#8221;100%&#8221; width_last_edited=&#8221;on|phone&#8221; custom_margin=&#8221;||25px||false|false&#8221; custom_padding=&#8221;||0px||false|false&#8221; custom_padding_tablet=&#8221;|||0px|false|false&#8221; custom_padding_phone=&#8221;|||0px|false|false&#8221; custom_padding_last_edited=&#8221;on|phone&#8221; locked=&#8221;off&#8221; global_colors_info=&#8221;{}&#8221; theme_builder_area=&#8221;post_content&#8221;]Ellen Persson \u00e4r restaurangchef i Stattena och i Halmstad.[\/et_pb_text][et_pb_text module_class=&#8221;tiempos-txt&#8221; _builder_version=&#8221;4.27.5&#8243; _module_preset=&#8221;default&#8221; text_text_color=&#8221;#191919&#8243; text_font_size=&#8221;18px&#8221; link_font=&#8221;||||||||&#8221; header_2_font_size=&#8221;24px&#8221; width_tablet=&#8221;100%&#8221; width_phone=&#8221;100%&#8221; width_last_edited=&#8221;off|desktop&#8221; custom_padding=&#8221;||||false|false&#8221; header_2_font_size_last_edited=&#8221;off|phone&#8221; custom_css_free_form=&#8221;h2{||  padding-bottom:0px;||  margin-bottom:8px;||}&#8221; global_colors_info=&#8221;{}&#8221; theme_builder_area=&#8221;post_content&#8221;]<\/p>\n<h2>\u201dAlla f\u00e5r chansen\u201d<\/h2>\n<p>P\u00e5 McDonald\u2019s \u00e4r det ovanligt att n\u00e5gon kliver in direkt i en chefsroll. I st\u00e4llet bygger f\u00f6retaget p\u00e5 att medarbetare f\u00e5r v\u00e4xa in i nya roller.<\/p>\n<p>\u2013 Alla f\u00e5r chansen om de visar framf\u00f6tterna. Har man inst\u00e4llningen att g\u00f6ra sitt b\u00e4sta f\u00e5r man mycket tillbaka, s\u00e4ger Christina Richter.<\/p>\n<p>P\u00e5 Idrottsgalan i Helsingborg 9 april delade McDonald\u00b4s ut priset \u00c5rets Ledare.<\/p>\n<p>\u2013 Det k\u00e4nns roligt och helt r\u00e4tt f\u00f6r oss att vara med och lyfta fram bra ledarskap. Jag vet hur mycket det betyder, b\u00e5de i arbetslivet och inom idrotten, s\u00e4ger Christina Richter.<\/p>\n<p>[\/et_pb_text][et_pb_text module_class=&#8221;tiempos-txt&#8221; _builder_version=&#8221;4.27.5&#8243; _module_preset=&#8221;default&#8221; text_text_color=&#8221;#191919&#8243; text_font_size=&#8221;18px&#8221; link_font=&#8221;Inter|700|||||||&#8221; link_text_color=&#8221;#1d3965&#8243; header_2_font_size=&#8221;24px&#8221; width_tablet=&#8221;100%&#8221; width_phone=&#8221;100%&#8221; width_last_edited=&#8221;off|desktop&#8221; custom_padding=&#8221;||||false|false&#8221; header_2_font_size_last_edited=&#8221;off|phone&#8221; custom_css_free_form=&#8221;h2{||  padding-bottom:0px;||  margin-bottom:8px;||}&#8221; global_colors_info=&#8221;{}&#8221; theme_builder_area=&#8221;post_content&#8221;]<\/p>\n<p><a href=\"https:\/\/www.mcdonalds.com\/se\/sv-se\/jobb\/att-jobba-pa-mcdonalds.html\" target=\"_blank\" rel=\"noopener\">L\u00e4s mer om att jobba p\u00e5 McDonald\u00b4s h\u00e4r<\/a><\/p>\n<p>[\/et_pb_text][et_pb_text module_class=&#8221;inter-txt&#8221; _builder_version=&#8221;4.27.5&#8243; _module_preset=&#8221;default&#8221; text_font=&#8221;||||||||&#8221; text_text_color=&#8221;#191919&#8243; text_font_size=&#8221;16px&#8221; text_line_height=&#8221;1.5em&#8221; header_font=&#8221;||||||||&#8221; header_2_font=&#8221;|700|||||||&#8221; header_2_text_color=&#8221;#191919&#8243; header_2_font_size=&#8221;24px&#8221; background_color=&#8221;#E4E8EE&#8221; width=&#8221;640px&#8221; width_tablet=&#8221;80%&#8221; width_phone=&#8221;90%&#8221; width_last_edited=&#8221;on|phone&#8221; module_alignment=&#8221;center&#8221; custom_margin=&#8221;30px||||false|false&#8221; custom_padding=&#8221;30px|30px|30px|30px|true|true&#8221; hover_enabled=&#8221;0&#8243; header_2_font_size_tablet=&#8221;24px&#8221; header_2_font_size_phone=&#8221;22px&#8221; header_2_font_size_last_edited=&#8221;on|phone&#8221; border_radii=&#8221;on|0.5rem|0.5rem|0.5rem|0.5rem&#8221; locked=&#8221;off&#8221; global_colors_info=&#8221;{}&#8221; theme_builder_area=&#8221;post_content&#8221; sticky_enabled=&#8221;0&#8243;]<\/p>\n<h3>Idrottsgalan i Helsingborg<\/h3>\n<p><b>N\u00e4r:<\/b> Idrottsgalan gick av stapeln 9 april i Helsingborg Arena.<br \/><b>Varf\u00f6r:<\/b> Helsingborgs Dagblad vill tillsammans med en rad partners uppm\u00e4rksamma s\u00e5v\u00e4l elit- som breddidrotten i nordv\u00e4stra Sk\u00e5ne samt de eldsj\u00e4lar som driver f\u00f6reningslivet fram\u00e5t.<br \/><b>Vilka var d\u00e4r:<\/b> Framst\u00e5ende idrottsprofiler och aktiva inom f\u00f6reningslivet. Brandsta City Sl\u00e4ckers &amp; Ida Hedlund Stenmarck underh\u00f6ll. Galan leddes av tv-profilen Jessica Almen\u00e4s.<\/p>\n<p><b>Vill du vara en del av Idrottsgalan i Helsingborg 2027<\/b> kontakta Linn Henriksson: <a href=\"mailto:linn.henriksson@bonniernews.se\" target=\"_blank\" rel=\"noopener\">linn.henriksson@bonniernews.se<\/a><\/p>\n<p>[\/et_pb_text][\/et_pb_column][\/et_pb_row][\/et_pb_section]<\/p>\n","protected":false},"excerpt":{"rendered":"<p>Kr\u00f6nikaH\u00e4r skapas framtidens ledare &#8211; \u201cAlla f\u00e5r chansen att v\u00e4xa\u201dH\u00e4r v\u00e4xer framtidens ledare fram. Oavsett om det handlar om att g\u00f6ra hamburgare, bem\u00f6ta kunder eller leda ett team \u00e4r utveckling och ansvar en sj\u00e4lvklar del av jobbet. \u2013 Hela mitt arbetsliv har handlat om att utveckla unga m\u00e4nniskor, s\u00e4ger franchisetagaren Christina Richter, som sj\u00e4lv b\u00f6rjade [&hellip;]<\/p>\n","protected":false},"author":1,"featured_media":237,"comment_status":"open","ping_status":"open","sticky":false,"template":"","format":"standard","meta":{"_et_pb_use_builder":"on","_et_pb_old_content":"","_et_gb_content_width":"","footnotes":""},"categories":[1],"tags":[],"class_list":["post-228","post","type-post","status-publish","format-standard","has-post-thumbnail","hentry","category-visa-ej"],"_links":{"self":[{"href":"https:\/\/brandstudio.hd.se\/idrottsgalan\/wp-json\/wp\/v2\/posts\/228","targetHints":{"allow":["GET"]}}],"collection":[{"href":"https:\/\/brandstudio.hd.se\/idrottsgalan\/wp-json\/wp\/v2\/posts"}],"about":[{"href":"https:\/\/brandstudio.hd.se\/idrottsgalan\/wp-json\/wp\/v2\/types\/post"}],"author":[{"embeddable":true,"href":"https:\/\/brandstudio.hd.se\/idrottsgalan\/wp-json\/wp\/v2\/users\/1"}],"replies":[{"embeddable":true,"href":"https:\/\/brandstudio.hd.se\/idrottsgalan\/wp-json\/wp\/v2\/comments?post=228"}],"version-history":[{"count":7,"href":"https:\/\/brandstudio.hd.se\/idrottsgalan\/wp-json\/wp\/v2\/posts\/228\/revisions"}],"predecessor-version":[{"id":251,"href":"https:\/\/brandstudio.hd.se\/idrottsgalan\/wp-json\/wp\/v2\/posts\/228\/revisions\/251"}],"wp:featuredmedia":[{"embeddable":true,"href":"https:\/\/brandstudio.hd.se\/idrottsgalan\/wp-json\/wp\/v2\/media\/237"}],"wp:attachment":[{"href":"https:\/\/brandstudio.hd.se\/idrottsgalan\/wp-json\/wp\/v2\/media?parent=228"}],"wp:term":[{"taxonomy":"category","embeddable":true,"href":"https:\/\/brandstudio.hd.se\/idrottsgalan\/wp-json\/wp\/v2\/categories?post=228"},{"taxonomy":"post_tag","embeddable":true,"href":"https:\/\/brandstudio.hd.se\/idrottsgalan\/wp-json\/wp\/v2\/tags?post=228"}],"curies":[{"name":"wp","href":"https:\/\/api.w.org\/{rel}","templated":true}]}}